{"id":172,"date":"2014-11-06T17:37:07","date_gmt":"2014-11-06T17:37:07","guid":{"rendered":"http:\/\/egrisportcentrumse.hu\/egris\/?p=172"},"modified":"2014-11-06T17:51:54","modified_gmt":"2014-11-06T17:51:54","slug":"egyutt-a-dvtk-es-az-egri-sportcentrum","status":"publish","type":"post","link":"http:\/\/egrisportcentrumse.hu\/egris\/egyutt-a-dvtk-es-az-egri-sportcentrum\/","title":{"rendered":"Egy\u00fctt a DVTK \u00e9s az Egri Sportcentrum."},"content":{"rendered":"<p><a href=\"http:\/\/egrisportcentrumse.hu\/egris\/wp-content\/uploads\/2014\/11\/essedvtk.png\"><img decoding=\"async\" loading=\"lazy\" class=\"alignnone wp-image-173 size-medium\" src=\"http:\/\/egrisportcentrumse.hu\/egris\/wp-content\/uploads\/2014\/11\/essedvtk-300x189.png\" alt=\"essedvtk\" width=\"300\" height=\"189\" srcset=\"http:\/\/egrisportcentrumse.hu\/egris\/wp-content\/uploads\/2014\/11\/essedvtk-300x189.png 300w, http:\/\/egrisportcentrumse.hu\/egris\/wp-content\/uploads\/2014\/11\/essedvtk.png 707w\" sizes=\"(max-width: 300px) 100vw, 300px\" \/><\/a><\/p>\n<p>&nbsp;<\/p>\n<p>Egy\u00fcttm\u0171k\u00f6d\u00e9si meg\u00e1llapod\u00e1st k\u00f6t\u00f6tt az Egri Sportcentrum SE \u00e9s a DVTK szerd\u00e1n d\u00e9lut\u00e1n a Hotel Eger Parkban.<\/p>\n<p>A meg\u00e1llapod\u00e1s \u00e9rtelm\u00e9ben a DVTK szakmai \u00e9s anyagi seg\u00edts\u00e9get ny\u00fajt az Egri Sportcentrum ut\u00e1np\u00f3tl\u00e1s-k\u00e9pz\u00e9s\u00e9hez, cser\u00e9ben pedig a legtehets\u00e9gesebb fiatalok Di\u00f3sgy\u0151rben folytathatj\u00e1k p\u00e1lyafut\u00e1sukat.<\/p>\n<p><!--more--><\/p>\n<p><iframe loading=\"lazy\" width=\"500\" height=\"281\" src=\"https:\/\/www.youtube.com\/embed\/SdJeAPC3_4M?feature=oembed\" frameborder=\"0\" allowfullscreen><\/iframe><\/p>\n<p>&#8211; 2008-ban azzal a c\u00e9llal alap\u00edtottuk meg az Egri Sportcentrum SE-t, hogy a sz\u00e9p p\u00e1lyafut\u00e1st befut\u00f3 j\u00e1t\u00e9kosoknak lehet\u0151s\u00e9get adjunk a levezet\u00e9sre a legalacsonyabb oszt\u00e1lyban &#8211; mondta el Harmati P\u00e9ter, az egyes\u00fclet eln\u00f6ke. &#8211; Az NB I-es Egri FC kies\u00e9se, majd megsz\u0171n\u00e9se ut\u00e1n t\u0171zt\u00fck ki c\u00e9lul, hogy tov\u00e1bbra is lehet\u0151s\u00e9get ny\u00fajtsunk a sportolni v\u00e1gy\u00f3 gyerekeknek. Az indul\u00e1skor 11-14 \u00e9ves focistapal\u00e1nt\u00e1kkal foglalkoztunk, m\u00e1ra \u00f3vod\u00e1sok, kisiskol\u00e1sok is tanulj\u00e1k n\u00e1lunk a labdar\u00fag\u00e1s alapjait, illetve az U17-es \u00e9s U19-es NB II.-es bajnoks\u00e1gba is benevezt\u00fcnk. Jelenleg m\u00e1r egy m\u00e1sik feln\u0151tt csapatunk is szerepel a Heves megyei II. oszt\u00e1lyban, hossz\u00fa t\u00e1von az a c\u00e9lunk, hogy feljussunk az NB III.-ba, majd az NB II.-be. Szem\u00e9lyes kapcsolataimon kereszt\u00fcl megkerest\u00fck a DVTK-t \u00e9s annak tulajdonos\u00e1t, \u00e9s ezek a t\u00e1rgyal\u00e1sok vezettek eredm\u00e9nyre. A meg\u00e1llapod\u00e1s nagy seg\u00edts\u00e9get ny\u00fajt c\u00e9ljaink el\u00e9r\u00e9s\u00e9ben.<\/p>\n<p>-Elk\u00f6telezettek vagyunk abban, hogy az ut\u00e1np\u00f3tl\u00e1s nevel\u00e9st seg\u00edts\u00fck. \u2013 mondta el a sajt\u00f3t\u00e1j\u00e9koztat\u00f3n Habis L\u00e1szl\u00f3 Eger v\u00e1ros polg\u00e1rmestere. Eger olyan v\u00e1ros, ahol minden szeptemberben 15-17 ezer di\u00e1k kezdi meg tanulm\u00e1nyait, ez\u00e9rt fontos szerepe kell legyen a labdar\u00fag\u00e1snak, m\u00e1r csak a futball szeret\u0151 emberek ok\u00e1n is. A legfontosabb szerintem az, hogy jelenleg is 160 gyermek focizik az ut\u00e1np\u00f3tl\u00e1sunkban, \u0151k a j\u00f6v\u0151 z\u00e1loga. Egerben nem l\u00e1tv\u00e1nyberuh\u00e1z\u00e1sokat szeretn\u00e9nk, hanem els\u0151 k\u00f6rben sz\u00e9pen, fokozatosan a l\u00e9tes\u00edtm\u00e9nyeket fel\u00faj\u00edtani, ez az \u00e9szaki sporttelepre is \u00e9rv\u00e9nyes kell, hogy legyen. Azt gondolom, j\u00f3 az az \u00fat, amit megkezdett az egyes\u00fclet, ennek r\u00e9sze a DVTK-val k\u00f6t\u00f6tt egy\u00fcttm\u0171k\u00f6d\u00e9s is. Ennek k\u00f6sz\u00f6nhet\u0151en b\u00edzom benne, hogy hamarosan az MLSZ stadionrekonstrukci\u00f3s programj\u00e1ba is be tud majd kapcsol\u00f3dni a k\u00f6vetkez\u0151 4-5 \u00e9ves ciklusban Eger v\u00e1rosa. Szerintem erre Eger sportszeret\u0151 k\u00f6z\u00f6ns\u00e9ge is igent mondana. Ez most egy nagyon fontos \u00fcnnepi alkalom, de a h\u00e9tk\u00f6znapokban is sokat kell m\u00e9g dolgoznunk, napi konzult\u00e1ci\u00f3kra lesz sz\u00fcks\u00e9g, hogy az \u00e9p\u00edtkez\u00e9st tudjuk folytatni.<\/p>\n<p>&#8211; Eger v\u00e1rosa t\u00f6bb v\u00e1logatott j\u00e1t\u00e9kost is adott a magyar labdar\u00fag\u00e1snak, elegend\u0151 az egykori VB-ez\u00fcst\u00e9rmes Turay J\u00f3zsef vagy a Videotonnal az UEFA-kupa d\u00f6nt\u0151j\u00e9ig menetel\u0151 Csuhay J\u00f3zsef nev\u00e9t eml\u00edteni &#8211; id\u00e9zte fel Szab\u00f3 Tam\u00e1s, a Di\u00f3sgy\u0151r FC Kft. \u00fcgyvezet\u0151je. &#8211; A DVTK \u00e9s az egri futballcsapat szomsz\u00e9dv\u00e1rk\u00e9nt mindig nagy csat\u00e1t v\u00edvott, de ez sosem ellens\u00e9gesked\u00e9s, hanem eg\u00e9szs\u00e9ges rivaliz\u00e1l\u00e1s volt. Csak az elm\u00falt \u00e9vtizedben is sz\u00e1mtalan ponton kapcsol\u00f3dik a k\u00e9t v\u00e1ros labdar\u00fag\u00e1sa, minden szurkol\u00f3 eml\u00e9kezhet Sipeki Istv\u00e1n, Montvai Tibor, Vojtekovszki Csaba, Katona Attila vagy Balajti \u00c1d\u00e1m nev\u00e9re, akik mind Egerben ismerkedtek meg a labdar\u00fag\u00e1s alapjaival \u00e9s viselt\u00e9k k\u00e9s\u0151bb a DVTK mez\u00e9t. Az ut\u00e1np\u00f3tl\u00e1s csapatokban jelenleg is t\u00f6bb egri sz\u00fclet\u00e9s\u0171 j\u00e1t\u00e9kos szerepel. Azt szeretn\u00e9nk ezzel az egy\u00fcttm\u0171k\u00f6d\u00e9ssel el\u00e9rni, hogy a r\u00e9gi\u00f3nk legtehets\u00e9gesebb j\u00e1t\u00e9kosai ne m\u00e1s klubok fel\u00e9 tett ker\u00fcl\u0151vel \u00e9rjenek DVTK csapat\u00e1hoz, mint a mostani keret tagjai k\u00f6z\u00fcl Elek \u00c1kos. Ennek \u00e9rdek\u00e9ben indul hamarosan az ut\u00e1np\u00f3tl\u00e1s b\u00e1zis \u00e9p\u00edt\u00e9se, melynek \u00f6sszk\u00f6lts\u00e9gvet\u00e9se 2 milli\u00e1rd forint \u00e9s a beruh\u00e1z\u00e1s v\u00e9gezt\u00e9vel megfelel\u0151 sz\u00e1m\u00fa \u00e9s min\u0151s\u00e9g\u0171 p\u00e1lya, valamint megfelel\u0151 infrastrukt\u00fara v\u00e1rja a leend\u0151 labdar\u00fag\u00f3kat. Az \u00e9szak-magyarorsz\u00e1gi r\u00e9gi\u00f3 egyetlen els\u0151oszt\u00e1ly\u00fa klubjak\u00e9nt a DVTK felel\u0151ss\u00e9get v\u00e1llal a teljes r\u00e9gi\u00f3 labdar\u00fag\u00e1s\u00e1\u00e9rt. A t\u00e1rsadalmi felel\u0151ss\u00e9gv\u00e1llal\u00e1s jegy\u00e9ben seg\u00edteni k\u00edv\u00e1njuk az egri labdar\u00fag\u00e1st abban, hogy folyamatosan el\u0151re l\u00e9pve min\u00e9l magasabb oszt\u00e1lyban szerepeljen. Ennek \u00e9rdek\u00e9ben a k\u00e9s\u0151bbiekben tehets\u00e9ges j\u00e1t\u00e9kosokat adunk k\u00f6lcs\u00f6n Egerbe, akik az els\u0151 csapat h\u00faz\u00f3emberei lehetnek. A j\u00f6v\u0151ben pedig szeretn\u00e9nk az egy\u00fcttm\u0171k\u00f6d\u00e9st kiterjeszteni a kos\u00e1rlabd\u00e1ra is, hiszen az Aluinvent-DVTK n\u0151i kos\u00e1rlabda csapata is t\u00e1rt karokkal v\u00e1rja a r\u00e9gi\u00f3 legtehets\u00e9gesebb fiataljait. &#8211; z\u00e1rta a DVTK \u00fcgyvezet\u0151je.<\/p>\n<p>&#8211; Az egy\u00fcttm\u0171k\u00f6d\u00e9s keret\u00e9ben szakmai \u00e9s anyagi seg\u00edts\u00e9get ny\u00fajtunk az Egri Sportcentrum SE-nek &#8211; folytatta \u00c1rki G\u00e1bor, a DVTK sportigazgat\u00f3ja. &#8211; A meg\u00e1llapod\u00e1s szerint a gyerekek k\u00e9pz\u00e9si terv\u00e9nek \u00f6ssze\u00e1ll\u00edt\u00e1s\u00e1n t\u00fal szerepet v\u00e1llalunk az edz\u0151k bels\u0151 k\u00e9pz\u00e9s\u00e9ben is. Kezd be\u00e9rni Bene Ferenc ut\u00e1np\u00f3tl\u00e1s szakmai igazgat\u00f3 munk\u00e1ja, amit nem csak az egy\u00e9bk\u00e9nt kiv\u00e1l\u00f3 eredm\u00e9nyekben mutatkozik meg, hanem egyre jobban felismerhet\u0151 st\u00edlusjegyeket mutat a DVTK \u00f6sszes ut\u00e1np\u00f3tl\u00e1scsapata. Ezeket a m\u00f3dszereket szeretn\u00e9nk \u00e1tadni annak \u00e9rdek\u00e9ben, hogy a fiatalok a legmagasabb szint\u0171 k\u00e9pz\u00e9st kapj\u00e1k m\u00e1r az els\u0151 edz\u00e9st\u0151l kezdve. A kisgyerekeket nem szeretn\u00e9nk kiragadni a csal\u00e1di k\u00f6rnyezetb\u0151l, ez\u00e9rt a legtehets\u00e9gesebbeket is csak 13-14 \u00e9ves kort\u00f3l v\u00e1rjuk a DVTK-ba. Az Egri Sportcentrum SE a kilencedik partnerklubunk \u00e9s hogy j\u00f3 \u00faton j\u00e1runk, azt az is bizony\u00edtja, hogy amikor az Eur\u00f3pa Liga-m\u00e9rk\u0151z\u00e9sen Krasznodarban j\u00e1rtam, ott is azt l\u00e1ttam, hogy az orosz \u00e9lcsapat akad\u00e9mi\u00e1j\u00e1n is csak k\u00f6z\u00e9piskol\u00e1s korukt\u00f3l tanulnak a gyerekek, a m\u00e9g fiatalabbak a lak\u00f3hely\u00fckh\u00f6z legk\u00f6zelebbi b\u00e1zison ismerkednek a labdar\u00fag\u00e1ssal. Ezt biztos\u00edtjuk az egrieknek is, kezdjenek el focizni lak\u00f3hely\u00fck\u00f6n, majd a legtehets\u00e9gesebbek folytass\u00e1k a DVTK-ban. A kor\u00e1bbi tapasztalat az volt, hogy a m\u00e1shonnan \u00e9rkez\u0151 fiatalok jelent\u0151s lemarad\u00e1ssal rendelkeztek, azonban a ma megk\u00f6t\u00f6tt egy\u00fcttm\u0171k\u00f6d\u00e9s sz\u00e1mukra is biztos\u00edtja a magas szint\u0171 k\u00e9pz\u00e9st, \u00edgy z\u00f6kken\u0151mentes lehet a beilleszked\u00e9s.<\/p>\n<p>A DVTK partnerklubjai:<\/p>\n<p>Egri Sportcentrum SE<\/p>\n<p>F\u00fczesabony<\/p>\n<p>Balassagyarmat<\/p>\n<p>S\u00e1rospatak<\/p>\n<p>Fels\u0151zsolca<\/p>\n<p>B\u0151cs<\/p>\n<p>Edel\u00e9ny<\/p>\n<p>Aba\u00fajsz\u00e1nt\u00f3<\/p>\n<p>Szerencs<\/p>\n","protected":false},"excerpt":{"rendered":"<p>&nbsp; Egy\u00fcttm\u0171k\u00f6d\u00e9si meg\u00e1llapod\u00e1st k\u00f6t\u00f6tt az Egri Sportcentrum SE \u00e9s a DVTK szerd\u00e1n d\u00e9lut\u00e1n a Hotel Eger Parkban. A meg\u00e1llapod\u00e1s \u00e9rtelm\u00e9ben a DVTK szakmai \u00e9s anyagi seg\u00edts\u00e9get ny\u00fajt az Egri Sportcentrum ut\u00e1np\u00f3tl\u00e1s-k\u00e9pz\u00e9s\u00e9hez, cser\u00e9ben pedig a legtehets\u00e9gesebb fiatalok Di\u00f3sgy\u0151rben folytathatj\u00e1k p\u00e1lyafut\u00e1sukat.<\/p>\n","protected":false},"author":1,"featured_media":0,"comment_status":"open","ping_status":"open","sticky":false,"template":"","format":"standard","meta":[],"categories":[5],"tags":[],"_links":{"self":[{"href":"http:\/\/egrisportcentrumse.hu\/egris\/wp-json\/wp\/v2\/posts\/172"}],"collection":[{"href":"http:\/\/egrisportcentrumse.hu\/egris\/wp-json\/wp\/v2\/posts"}],"about":[{"href":"http:\/\/egrisportcentrumse.hu\/egris\/wp-json\/wp\/v2\/types\/post"}],"author":[{"embeddable":true,"href":"http:\/\/egrisportcentrumse.hu\/egris\/wp-json\/wp\/v2\/users\/1"}],"replies":[{"embeddable":true,"href":"http:\/\/egrisportcentrumse.hu\/egris\/wp-json\/wp\/v2\/comments?post=172"}],"version-history":[{"count":5,"href":"http:\/\/egrisportcentrumse.hu\/egris\/wp-json\/wp\/v2\/posts\/172\/revisions"}],"predecessor-version":[{"id":188,"href":"http:\/\/egrisportcentrumse.hu\/egris\/wp-json\/wp\/v2\/posts\/172\/revisions\/188"}],"wp:attachment":[{"href":"http:\/\/egrisportcentrumse.hu\/egris\/wp-json\/wp\/v2\/media?parent=172"}],"wp:term":[{"taxonomy":"category","embeddable":true,"href":"http:\/\/egrisportcentrumse.hu\/egris\/wp-json\/wp\/v2\/categories?post=172"},{"taxonomy":"post_tag","embeddable":true,"href":"http:\/\/egrisportcentrumse.hu\/egris\/wp-json\/wp\/v2\/tags?post=172"}],"curies":[{"name":"wp","href":"https:\/\/api.w.org\/{rel}","templated":true}]}}